{"id":5,"date":"2023-04-12T23:40:19","date_gmt":"2023-04-12T21:40:19","guid":{"rendered":"http:\/\/colectivonewen.fr\/?p=5"},"modified":"2026-08-27T23:39:09","modified_gmt":"2026-08-27T21:39:09","slug":"cours-de-tissu-acrobatie-aerienne","status":"publish","type":"post","link":"https:\/\/colectivonewen.fr\/index.php\/2023\/04\/12\/cours-de-tissu-acrobatie-aerienne\/","title":{"rendered":"Cours de tissu a\u00e9rien &#8211; acrobatie a\u00e9rienne"},"content":{"rendered":"\n<p class=\"wp-block-paragraph\">DATES 1ER TRIMESTRE 2026\/2027<\/p>\n\n\n\n<p class=\"wp-block-paragraph\">samedi 5 septembre<br>10h\/12h30<br>4 rue Gutenberg 93100 Montreuil<\/p>\n\n\n\n<p class=\"wp-block-paragraph\">samedi 12 septembre<br>10h\/12h30<br>4 rue Gutenberg 93100 Montreuil<\/p>\n\n\n\n<p class=\"wp-block-paragraph\">samedi 26 septembre<br>10h\/12h30<br>18 rue Watt 75013<\/p>\n\n\n\n<p class=\"wp-block-paragraph\">samedi 3 octobre<br>10h\/12h30<br>18 rue Watt 75013<\/p>\n\n\n\n<p class=\"wp-block-paragraph\">samedi 10 octobre<br>10h\/12h30<br>18 rue Watt 75013<\/p>\n\n\n\n<p class=\"wp-block-paragraph\">samedi 17 octobre<br>10h\/12h30<br>18 rue Watt 75013<\/p>\n\n\n\n<p class=\"wp-block-paragraph\">samedi 24 octobre<br>10h\/12h30<br>18 rue Watt 75013<\/p>\n\n\n\n<p class=\"wp-block-paragraph\">vendredi 6 novembre<br>18h30\/20h30<br>18 rue Watt 75013<\/p>\n\n\n\n<p class=\"wp-block-paragraph\">samedi 14 novembre<br>10h\/12h30<br>18 rue Watt 75013<\/p>\n\n\n\n<p class=\"wp-block-paragraph\">samedi 21 novembre<br>10h\/12h30<br>18 rue Watt 75013<\/p>\n\n\n\n<p class=\"wp-block-paragraph\">samedi 28 novembre<br>10h\/12h30<br>18 rue Watt 75013<\/p>\n\n\n\n<p class=\"wp-block-paragraph\">vendredi 4 d\u00e9cembre<br>18h30\/20h30<br>18 rue Watt 75013<\/p>\n\n\n\n<p class=\"wp-block-paragraph\">samedi 12 d\u00e9cembre<br>10h\/12h30<br>18 rue Watt 75013<\/p>\n\n\n\n<p class=\"wp-block-paragraph\">TARIFS :<\/p>\n\n\n\n<p class=\"wp-block-paragraph\">Carte trimestrielle 215 euros<\/p>\n\n\n\n<p class=\"wp-block-paragraph\">Cours \u00e0 l\u2019unit\u00e9 25 euros<\/p>\n\n\n\n<p class=\"wp-block-paragraph\">Inscription annuelle \u00e0 l\u2019association 30 euros<\/p>\n\n\n\n<p class=\"wp-block-paragraph\">Infos 0664142247\/ colectivonewen7@gmail.com<\/p>\n\n\n\n<p class=\"wp-block-paragraph\">Les cours de tissu &#8211; acrobatie a\u00e9rienne commencent avec un \u00e9chauffement de yoga Iyengar, qui, \u00e0 travers des postures (asanas) permettent le travail de la concentration, de la respiration, de l\u2019alignement du corps et de la conscience corporelle.<br>Le cours se poursuit avec des exercices de pr\u00e9paration musculaire avec le tissu, puis des figures et finalement avec des encha\u00eenements (ou phrases de figures) ; avec pour objectif g\u00e9n\u00e9ral la fluidit\u00e9 dans le mouvement.<\/p>\n\n\n\n<p class=\"wp-block-paragraph\">Bonne condition physique n\u00e9cessaire.<\/p>\n","protected":false},"excerpt":{"rendered":"<p>DATES 1ER TRIMESTRE 2026\/2027 samedi 5 septembre10h\/12h304 rue Gutenberg 93100 Montreuil samedi 12 septembre10h\/12h304 rue Gutenberg 93100 Montreuil samedi 26 septembre10h\/12h3018 rue Watt 75013 samedi 3 octobre10h\/12h3018 rue Watt 75013 samedi 10 octobre10h\/12h3018 rue Watt 75013 samedi 17 octobre10h\/12h3018 rue Watt 75013 samedi 24 octobre10h\/12h3018 rue Watt 75013 vendredi 6 novembre18h30\/20h3018 rue Watt 75013 samedi [&hellip;]<\/p>\n","protected":false},"author":1,"featured_media":154,"comment_status":"closed","ping_status":"closed","sticky":false,"template":"","format":"standard","meta":{"footnotes":""},"categories":[1],"tags":[],"class_list":["post-5","post","type-post","status-publish","format-standard","has-post-thumbnail","hentry","category-non-classe"],"_links":{"self":[{"href":"https:\/\/colectivonewen.fr\/index.php\/wp-json\/wp\/v2\/posts\/5","targetHints":{"allow":["GET"]}}],"collection":[{"href":"https:\/\/colectivonewen.fr\/index.php\/wp-json\/wp\/v2\/posts"}],"about":[{"href":"https:\/\/colectivonewen.fr\/index.php\/wp-json\/wp\/v2\/types\/post"}],"author":[{"embeddable":true,"href":"https:\/\/colectivonewen.fr\/index.php\/wp-json\/wp\/v2\/users\/1"}],"replies":[{"embeddable":true,"href":"https:\/\/colectivonewen.fr\/index.php\/wp-json\/wp\/v2\/comments?post=5"}],"version-history":[{"count":21,"href":"https:\/\/colectivonewen.fr\/index.php\/wp-json\/wp\/v2\/posts\/5\/revisions"}],"predecessor-version":[{"id":159,"href":"https:\/\/colectivonewen.fr\/index.php\/wp-json\/wp\/v2\/posts\/5\/revisions\/159"}],"wp:featuredmedia":[{"embeddable":true,"href":"https:\/\/colectivonewen.fr\/index.php\/wp-json\/wp\/v2\/media\/154"}],"wp:attachment":[{"href":"https:\/\/colectivonewen.fr\/index.php\/wp-json\/wp\/v2\/media?parent=5"}],"wp:term":[{"taxonomy":"category","embeddable":true,"href":"https:\/\/colectivonewen.fr\/index.php\/wp-json\/wp\/v2\/categories?post=5"},{"taxonomy":"post_tag","embeddable":true,"href":"https:\/\/colectivonewen.fr\/index.php\/wp-json\/wp\/v2\/tags?post=5"}],"curies":[{"name":"wp","href":"https:\/\/api.w.org\/{rel}","templated":true}]}}